{"id":2146,"date":"2024-06-01T17:34:06","date_gmt":"2024-06-01T17:34:06","guid":{"rendered":"https:\/\/koejonge.de\/?p=2146"},"modified":"2024-06-01T17:34:06","modified_gmt":"2024-06-01T17:34:06","slug":"prinzengarde-richterich-stellt-neuen-vorstand-vor","status":"publish","type":"post","link":"https:\/\/koejonge.de\/?p=2146","title":{"rendered":"Prinzengarde Richterich stellt neuen Vorstand vor"},"content":{"rendered":"\n<p><strong>Der neue Vorstand der Prinzengarde Richterich (v.l.) Gesch\u00e4ftsf\u00fchrer Uli Schankin, Vize-Kommandant Frank K\u00f6rfer, Kommandant Andreas Fleu, Schatzmeister Matthias Erth, Schriftf\u00fchrer Guido Totzek<\/strong><\/p>\n\n\n\n<p>Jahreshauptversammlung der Prinzengarde Richterich e.V. 2024<\/p>\n\n\n\n<p>Am 28. Mai 2024 fand die Jahreshauptversammlung der Prinzengarde Richterich 1986 e.V. im Schloss-Sch\u00f6nau zu Richterich statt.<\/p>\n\n\n\n<p>Um 19.30 Uhr er\u00f6ffnete Kommandant Andreas Fleu die Jahreshauptversammlung und begr\u00fc\u00dfte alle anwesenden Mitglieder.<\/p>\n\n\n\n<p><a><\/a>Nachdem Gesch\u00e4fts- und Kassenbericht vorgetragen wurden, beantragte Wahlleiter Matthias Hanke die Entlastung des Vorstandes. Diese wurde einstimmig durch die Jahreshauptversammlung ausgesprochen.<\/p>\n\n\n\n<p>Der folgende Tagesordnungspunkt waren die turnusgem\u00e4\u00dfen Wahlen des Vorstandes.<\/p>\n\n\n\n<p>Erneut wurde der bisherige Kommandant Andreas Fleu f\u00fcr die kommenden 4 Jahre in seinem Amt best\u00e4tigt. Ebenfalls wurde Frank K\u00f6rfer als Vize-Kommandant einstimmig wiedergew\u00e4hlt. Der neue Gesch\u00e4ftsf\u00fchrer ist Uli Schankin und Matthias Erth bleibt weiterhin Schatzmeister. Als neuer Schriftf\u00fchrer der PG wurde Guido Totzek gew\u00e4hlt.<\/p>\n\n\n\n<p>Andreas Fleu bedankte sich bei dem ausscheidenden Gesch\u00e4ftsf\u00fchrer der letzten Jahre, Thomas Schmitz und Schriftf\u00fchrer Hans Fichte, f\u00fcr Ihre hervorragende Vorstandsarbeit.<\/p>\n\n\n\n<p>Ebenso galt ein besonderer Dank allen Sponsoren, G\u00f6nnern, aktiven und inaktiven Mitgliedern f\u00fcr eine sehr erfolgreiche Karnevalssession 2023\/2024.<\/p>\n\n\n\n<p>Um 22.15 Uhr wurde die diesj\u00e4hrige sehr harmonische Jahreshauptversammlung geschlossen.<\/p>\n\n\n\n<p>Presseoffizier<\/p>\n\n\n\n<p>Guido Totzek<\/p>\n\n\n\n<p><\/p>\n","protected":false},"excerpt":{"rendered":"<p>Der neue Vorstand der Prinzengarde Richterich (v.l.) Gesch\u00e4ftsf\u00fchrer Uli Schankin, Vize-Kommandant Frank K\u00f6rfer, Kommandant Andreas&#8230;<\/p>\n","protected":false},"author":6,"featured_media":2147,"comment_status":"open","ping_status":"open","sticky":false,"template":"","format":"standard","meta":[],"categories":[21],"tags":[],"jetpack_featured_media_url":"https:\/\/koejonge.de\/wp-content\/uploads\/2024\/06\/WhatsApp-Image-2024-05-29-at-14.55.50.jpeg","_links":{"self":[{"href":"https:\/\/koejonge.de\/index.php?rest_route=\/wp\/v2\/posts\/2146"}],"collection":[{"href":"https:\/\/koejonge.de\/index.php?rest_route=\/wp\/v2\/posts"}],"about":[{"href":"https:\/\/koejonge.de\/index.php?rest_route=\/wp\/v2\/types\/post"}],"author":[{"embeddable":true,"href":"https:\/\/koejonge.de\/index.php?rest_route=\/wp\/v2\/users\/6"}],"replies":[{"embeddable":true,"href":"https:\/\/koejonge.de\/index.php?rest_route=%2Fwp%2Fv2%2Fcomments&post=2146"}],"version-history":[{"count":1,"href":"https:\/\/koejonge.de\/index.php?rest_route=\/wp\/v2\/posts\/2146\/revisions"}],"predecessor-version":[{"id":2149,"href":"https:\/\/koejonge.de\/index.php?rest_route=\/wp\/v2\/posts\/2146\/revisions\/2149"}],"wp:featuredmedia":[{"embeddable":true,"href":"https:\/\/koejonge.de\/index.php?rest_route=\/wp\/v2\/media\/2147"}],"wp:attachment":[{"href":"https:\/\/koejonge.de\/index.php?rest_route=%2Fwp%2Fv2%2Fmedia&parent=2146"}],"wp:term":[{"taxonomy":"category","embeddable":true,"href":"https:\/\/koejonge.de\/index.php?rest_route=%2Fwp%2Fv2%2Fcategories&post=2146"},{"taxonomy":"post_tag","embeddable":true,"href":"https:\/\/koejonge.de\/index.php?rest_route=%2Fwp%2Fv2%2Ftags&post=2146"}],"curies":[{"name":"wp","href":"https:\/\/api.w.org\/{rel}","templated":true}]}}